{"id":403,"date":"2024-12-11T22:39:15","date_gmt":"2024-12-11T21:39:15","guid":{"rendered":"https:\/\/www.livesen-map.eu\/?p=403"},"modified":"2026-03-16T11:58:03","modified_gmt":"2026-03-16T10:58:03","slug":"livesen-map-nutrisen-in-der-agrarzeitung","status":"publish","type":"post","link":"https:\/\/www.livesen-map.eu\/en\/livesen-map-nutrisen-in-der-agrarzeitung\/","title":{"rendered":"LiveSen-MAP &#038; NutriSen in der Agrarzeitung"},"content":{"rendered":"<p>\ud83d\udca5 \ud835\udddc\ud835\uddfb\ud835\ude00\ud835\ude01\ud835\uddee\ud835\uddfb\ud835\ude01-\ud835\udddf\ud835\uddee\ud835\uddef \ud835\uddf3\u00fc\ud835\uddff \ud835\uddee\ud835\uddf9\ud835\uddf9\ud835\uddf2 \ud835\udddf\ud835\uddee\ud835\uddfb\ud835\uddf1\ud835\ude04\ud835\uddf6\ud835\uddff\ud835\ude01\ud835\uddf2 \ud83c\udf3e<\/p>\n<p>Wow, wir freuen uns sehr, in der neuesten Ausgabe der <a class=\"EvQUJBaxIRgFetdTQjAXvpGhCNvVbYEbE\" href=\"https:\/\/www.linkedin.com\/company\/agrarzeitung\/\" target=\"_self\" data-test-app-aware-link=\"\">agrarzeitung<\/a> zusammen mit der Ausgr\u00fcndung <a class=\"EvQUJBaxIRgFetdTQjAXvpGhCNvVbYEbE\" href=\"http:\/\/www.nutrisen.eu\" target=\"_self\" data-test-app-aware-link=\"\">NutriSen<\/a> vorgestellt zu werden!<\/p>\n<p>Nach dem erfolgreichen Abschluss der ersten Feldversuche laden wir derzeit 180 Landwirte aus ganz Europa zur zweiten Kampagne ein. Der Artikel beschreibt, wie es zur Idee der Technologie kam und was unsere n\u00e4chsten Schritte sind!<\/p>\n<p>\ud83e\uddea \ud835\uddd8\ud835\uddff\ud835\uddfb\u00e4\ud835\uddf5\ud835\uddff\ud835\ude02\ud835\uddfb\ud835\uddf4\ud835\ude00\ud835\ude07\ud835\ude02\ud835\ude00\ud835\ude01\ud835\uddee\ud835\uddfb\ud835\uddf1 \ud835\uddf1\ud835\uddf2\ud835\uddff \ud835\udde3\ud835\uddf3\ud835\uddf9\ud835\uddee\ud835\uddfb\ud835\ude07\ud835\uddf2\ud835\uddfb \ud835\ude00\ud835\uddf0\ud835\uddf5\ud835\uddfb\ud835\uddf2\ud835\uddf9\ud835\uddf9 &amp; \ud835\uddfdr\u00e4\ud835\ude07\ud835\uddf6\ud835\ude00\ud835\uddf2, \ud835\uddf1\ud835\uddf6\ud835\uddff\ud835\uddf2\ud835\uddf8\ud835\ude01 \ud835\uddf6\ud835\uddfa \ud835\uddd9\ud835\uddf2\ud835\uddf9\ud835\uddf1 \ud835\uddf0\ud835\uddf5\ud835\uddf2\ud835\uddf0\ud835\uddf8\ud835\uddf2\ud835\uddfb &#8211; \ud835\uddf1\ud835\uddee\ud835\ude00 \ud835\uddf6\ud835\ude00\ud835\ude01, \ud835\ude04\ud835\uddee\ud835\ude00 \ud835\ude04\ud835\uddf6\ud835\uddff \ud835\ude04\ud835\uddfc\ud835\uddf9\ud835\uddf9\ud835\uddf2\ud835\uddfb. \ud83c\udf0d<\/p>\n<p>Unsere Technologie beantwortet wichtige Fragen:<\/p>\n<p>\u2753 <strong>Geht&#8217;s der Pflanze gut?<\/strong><br \/>\n\u2753 <strong>Wie heterogen ist mein Feld in Bezug auf den Stickstoffbedarf?<\/strong><br \/>\n\u2753 <strong>Wie kann ich den Stickstoffbedarf meiner Pflanzen optimieren?<\/strong><\/p>\n<p><strong>Aus dem Artikel<\/strong>: &#8222;Die Flexibilit\u00e4t der Technologie erm\u00f6glicht es Landwirten, Proben entlang eines festen Rasters oder punktuell zu nehmen. Das Konzept funktioniert bereits, wenn drei Messpunkte pro Feld gemessen werden (&#8230;) So k\u00f6nnen Landwirte unterschiedliche Teilfl\u00e4chen pr\u00e4zise bewirtschaften und ihren D\u00fcngerbedarf optimieren.&#8220;<\/p>\n<p>Die Entwicklung und Validierung unserer Technologie w\u00e4re nat\u00fcrlich nicht m\u00f6glich, ohne die Landwirte, die an der ersten Kampagne teilgenommen haben. An dieser Stelle ein herzliches Dankesch\u00f6n!<\/p>\n<p>Dar\u00fcber hinaus wird aufgezeigt, wie die <a class=\"EvQUJBaxIRgFetdTQjAXvpGhCNvVbYEbE\" href=\"https:\/\/www.linkedin.com\/company\/technische-universitat-munchen\/\" target=\"_self\" data-test-app-aware-link=\"\">Technical University of Munich<\/a> und ihre Organisationen wie die <a class=\"EvQUJBaxIRgFetdTQjAXvpGhCNvVbYEbE\" href=\"https:\/\/www.linkedin.com\/company\/tum-venture-labs\/\" target=\"_self\" data-test-app-aware-link=\"\">TUM Venture Labs<\/a> und <a class=\"EvQUJBaxIRgFetdTQjAXvpGhCNvVbYEbE\" href=\"https:\/\/www.linkedin.com\/company\/unternehmertum\/\" target=\"_self\" data-test-app-aware-link=\"\">UnternehmerTUM<\/a> solch innovatives Unternehmertum unterst\u00fctzen.<\/p>\n<p>Lest den vollst\u00e4ndigen Artikel in der aktuellen Ausgabe der Agrarzeitung!<br \/>\n\u27a1\ufe0f Jetzt als e-Paper lesen: <a href=\"https:\/\/emag.agrarzeitung.de\/titles\/agrarzeitung\/5339\/publications\/585\/pages\/8\">az 49 vom 6. Dezember 2024<\/a><\/p>\n<p>Danke, <a id=\"ember5472\" class=\"ember-view\" href=\"https:\/\/www.linkedin.com\/in\/olaf-deininger\/\">Olaf Deininger<\/a> und <a id=\"ember5473\" class=\"ember-view\" href=\"https:\/\/www.linkedin.com\/in\/dominikewald\/\">Dominik Ewald<\/a>, dass ihr an uns denkt!<\/p>\n<p>\ud83d\udc68\u200d\ud83c\udf3e Wir demokratisieren gemeinsam die genauen N\u00e4hrstoffmessungen im Feld. \ud83d\udc69\u200d\ud83c\udf3e<\/p>","protected":false},"excerpt":{"rendered":"<p>\ud83d\udca5 \ud835\udddc\ud835\uddfb\ud835\ude00\ud835\ude01\ud835\uddee\ud835\uddfb\ud835\ude01-\ud835\udddf\ud835\uddee\ud835\uddef \ud835\uddf3\u00fc\ud835\uddff \ud835\uddee\ud835\uddf9\ud835\uddf9\ud835\uddf2 \ud835\udddf\ud835\uddee\ud835\uddfb\ud835\uddf1\ud835\ude04\ud835\uddf6\ud835\uddff\ud835\ude01\ud835\uddf2 \ud83c\udf3e Wow, wir freuen uns sehr, in der neuesten Ausgabe der agrarzeitung zusammen mit der Ausgr\u00fcndung NutriSen vorgestellt zu werden! Nach dem erfolgreichen Abschluss der ersten Feldversuche laden wir derzeit 180 Landwirte aus ganz Europa zur zweiten Kampagne ein. Der Artikel beschreibt, wie es zur Idee der Technologie kam und&hellip;&nbsp;<a href=\"https:\/\/www.livesen-map.eu\/en\/livesen-map-nutrisen-in-der-agrarzeitung\/\" rel=\"bookmark\">Read More &raquo;<span class=\"screen-reader-text\">LiveSen-MAP &#038; NutriSen in der Agrarzeitung<\/span><\/a><\/p>","protected":false},"author":2,"featured_media":423,"comment_status":"closed","ping_status":"open","sticky":false,"template":"","format":"standard","meta":{"neve_meta_sidebar":"","neve_meta_container":"","neve_meta_enable_content_width":"off","neve_meta_content_width":70,"neve_meta_title_alignment":"","neve_meta_author_avatar":"","neve_post_elements_order":"[\"title\",\"meta\",\"thumbnail\",\"content\",\"tags\",\"comments\"]","neve_meta_disable_header":"","neve_meta_disable_footer":"","neve_meta_disable_title":"","footnotes":""},"categories":[1],"tags":[],"class_list":["post-403","post","type-post","status-publish","format-standard","has-post-thumbnail","hentry","category-allgemein"],"_links":{"self":[{"href":"https:\/\/www.livesen-map.eu\/en\/wp-json\/wp\/v2\/posts\/403","targetHints":{"allow":["GET"]}}],"collection":[{"href":"https:\/\/www.livesen-map.eu\/en\/wp-json\/wp\/v2\/posts"}],"about":[{"href":"https:\/\/www.livesen-map.eu\/en\/wp-json\/wp\/v2\/types\/post"}],"author":[{"embeddable":true,"href":"https:\/\/www.livesen-map.eu\/en\/wp-json\/wp\/v2\/users\/2"}],"replies":[{"embeddable":true,"href":"https:\/\/www.livesen-map.eu\/en\/wp-json\/wp\/v2\/comments?post=403"}],"version-history":[{"count":2,"href":"https:\/\/www.livesen-map.eu\/en\/wp-json\/wp\/v2\/posts\/403\/revisions"}],"predecessor-version":[{"id":424,"href":"https:\/\/www.livesen-map.eu\/en\/wp-json\/wp\/v2\/posts\/403\/revisions\/424"}],"wp:featuredmedia":[{"embeddable":true,"href":"https:\/\/www.livesen-map.eu\/en\/wp-json\/wp\/v2\/media\/423"}],"wp:attachment":[{"href":"https:\/\/www.livesen-map.eu\/en\/wp-json\/wp\/v2\/media?parent=403"}],"wp:term":[{"taxonomy":"category","embeddable":true,"href":"https:\/\/www.livesen-map.eu\/en\/wp-json\/wp\/v2\/categories?post=403"},{"taxonomy":"post_tag","embeddable":true,"href":"https:\/\/www.livesen-map.eu\/en\/wp-json\/wp\/v2\/tags?post=403"}],"curies":[{"name":"wp","href":"https:\/\/api.w.org\/{rel}","templated":true}]}}